{"id":48635,"date":"2023-03-07T17:03:24","date_gmt":"2023-03-07T17:03:24","guid":{"rendered":"https:\/\/www.globalrescue.com\/se-espera-una-temporada-de-escalada-record-en-el-himalaya\/"},"modified":"2023-03-07T17:03:24","modified_gmt":"2023-03-07T17:03:24","slug":"se-espera-una-temporada-de-escalada-record-en-el-himalaya","status":"publish","type":"post","link":"https:\/\/www.globalrescue.com\/es\/common\/blog\/detail\/record-breaking-climbing-season-expected-in-the-himalayas\/","title":{"rendered":"Se espera una temporada de escalada r\u00e9cord en el Himalaya"},"content":{"rendered":"<p><span data-contrast=\"auto\">Monta\u00f1eros y excursionistas se dirigen al Himalaya para la temporada de escalada del Everest de primavera de 2023, un periodo de dos meses, de abril a mayo, en el que las condiciones suelen ser \u00f3ptimas para escalar la monta\u00f1a m\u00e1s alta del mundo y muchas otras de la regi\u00f3n. El a\u00f1o pasado se concedi\u00f3 un n\u00famero r\u00e9cord de permisos de escalada y Global Rescue llev\u00f3 a cabo un n\u00famero r\u00e9cord de operaciones de rescate.   <\/span><span data-ccp-props=\"{\"201341983\":0,\"335559739\":160,\"335559740\":259}\"> <\/span><\/p>\n<p><span data-contrast=\"auto\">\u00bfSe batir\u00e1n de nuevo los r\u00e9cords en 2023? Con toda probabilidad, s\u00ed. <\/span><span data-ccp-props=\"{\"201341983\":0,\"335559739\":160,\"335559740\":259}\"> <\/span><\/p>\n<p><span data-contrast=\"auto\">\u00abEspero que vuelva a ser un a\u00f1o similar, en el que se batan varios r\u00e9cords\u00bb, declar\u00f3 Dan Stretch, Director de Operaciones de Rescate Global que est\u00e1 destinado en Nepal durante la temporada de escalada y ha coordinado cientos de evacuaciones y operaciones de respuesta a crisis.  <\/span><span data-ccp-props=\"{\"201341983\":0,\"335559739\":160,\"335559740\":259}\"> <\/span><\/p>\n<figure id=\"attachment_27688\" aria-describedby=\"caption-attachment-27688\" style=\"width: 550px\" class=\"wp-caption aligncenter\"><img loading=\"lazy\" decoding=\"async\" src=\"https:\/\/www.globalrescue.com\/grcom\/Mount-Everest-Base-Camp-300x199.jpg\" alt=\"\" class=\"wp-image-27688\" width=\"550\" height=\"364\" srcset=\"https:\/\/www.globalrescue.com\/grcom\/Mount-Everest-Base-Camp-300x199.jpg 300w, https:\/\/www.globalrescue.com\/grcom\/Mount-Everest-Base-Camp-768x509.jpg 768w, https:\/\/www.globalrescue.com\/grcom\/Mount-Everest-Base-Camp.jpg 800w\" sizes=\"auto, (max-width: 550px) 100vw, 550px\" \/><figcaption id=\"caption-attachment-27688\" class=\"wp-caption-text\">El Campo Base del Everest se congestiona durante los periodos de m\u00e1xima afluencia, con cientos de personas haciendo senderismo hasta all\u00ed cada d\u00eda durante la ajetreada estaci\u00f3n primaveral.<\/figcaption><\/figure>\n<p><span data-contrast=\"auto\">Otros expertos est\u00e1n de acuerdo.  <\/span><span data-ccp-props=\"{\"201341983\":0,\"335559739\":160,\"335559740\":259}\"> <\/span><\/p>\n<p><span data-contrast=\"auto\">\u00abEspero una temporada muy ocupada en el lado sur del Everest sin l\u00edmite de permisos\u00bb, dijo Lukas Furtenbach, propietario de <\/span><a href=\"https:\/\/www.furtenbachadventures.com\/en\/\"><span data-contrast=\"none\">Furtenbach Adventures<\/span><\/a><span data-contrast=\"auto\"> con sede en Innsbruck (Austria) y socio de Global Rescue Safe Travel.<\/span><span data-contrast=\"none\"> <\/span><span data-ccp-props=\"{\"201341983\":0,\"335559739\":160,\"335559740\":259}\"> <\/span><\/p>\n<p><span data-contrast=\"auto\">El experto en alpinismo Alan Arnette se\u00f1ala que parte de la actividad proviene de los escaladores de cumbres de gran altitud. \u00abLa moda actual parece ser coleccionar picos de 8.000 metros, as\u00ed que la gente intentar\u00e1 hacer cumbre en varias monta\u00f1as en la misma temporada\u00bb, afirma.   <\/span><span data-ccp-props=\"{\"201341983\":0,\"335559739\":160,\"335559740\":259}\"> <\/span><\/p>\n<p><span data-contrast=\"auto\">Una gran diferencia este a\u00f1o es la relajaci\u00f3n de las restricciones oficiales del COVID. Alpinista legendario y miembro del Global Rescue   <\/span><a href=\"https:\/\/www.globalrescue.com\/es\/landingpages\/mountainadvisorycouncil\/\"><span data-contrast=\"none\">Consejo Asesor de la Monta\u00f1a<\/span><\/a><span data-contrast=\"auto\"> Ed Viesturs, dijo que las cosas est\u00e1n volviendo a la normalidad. <\/span> <span data-ccp-props=\"{\"201341983\":0,\"335559739\":160,\"335559740\":259}\"> <\/span><\/p>\n<p><span data-contrast=\"auto\">\u00abParece que casi todo sigue igual. Hay algunas personas que siguen tomando ciertas precauciones con respecto al enmascaramiento. El saneamiento general ha dado un paso adelante, en el buen sentido\u00bb, afirm\u00f3.<\/span><span data-contrast=\"none\"> <\/span><span data-ccp-props=\"{\"201341983\":0,\"335559739\":160,\"335559740\":259}\"> <\/span><\/p>\n<p><span data-contrast=\"auto\">Aun as\u00ed, los viajeros que entren en Nepal desde el extranjero deben presentar un certificado de vacunaci\u00f3n completa contra el COVID-19, seg\u00fan las <\/span><a href=\"https:\/\/np.usembassy.gov\/covid-19-information\/\"><span data-contrast=\"none\">funcionarios<\/span><\/a><span data-contrast=\"auto\">. \u00abLa mayor\u00eda de los pa\u00edses levantaron sus restricciones COVID, y en Nepal s\u00f3lo quedan algunas medidas COVID en vigor\u00bb, declar\u00f3 Furtenbach, a\u00f1adiendo que su empresa de expedici\u00f3n mantendr\u00e1 sus medidas est\u00e1ndar de seguridad e higiene para la pr\u00f3xima temporada de escalada.<\/span><span data-ccp-props=\"{\"201341983\":0,\"335559739\":160,\"335559740\":259}\"> <\/span><\/p>\n<p><span data-contrast=\"auto\">Gordon Janow, director de programas de <\/span><a href=\"https:\/\/www.alpineascents.com\/\"><span data-contrast=\"none\">Ascensiones alpinas<\/span><\/a><span data-contrast=\"auto\">, dirige expediciones por todo el mundo y exige a sus clientes que se vacunen y m\u00e1s. \u00abTambi\u00e9n pedimos a los escaladores que traigan kits de an\u00e1lisis\u00bb. <\/span><span data-ccp-props=\"{\"201341983\":0,\"335559739\":160,\"335559740\":259}\"> <\/span><\/p>\n<p><span data-contrast=\"auto\">Stretch se\u00f1ala que no existen normas oficiales sobre el modo en que las distintas empresas de expedici\u00f3n operan, prueban o tratan los casos de COVID. \u00abLos escaladores deben preguntar a los organizadores de sus expediciones qu\u00e9 medidas se tomar\u00edan para limitar los riesgos de exposici\u00f3n al COVID\u00bb, afirma. <\/span><span data-ccp-props=\"{\"201341983\":0,\"335559739\":160,\"335559740\":259}\"><\/p>\n<p><\/span><\/p>\n<h1><strong>\u00bfCostes crecientes? No es un problema.   <\/strong><\/h1>\n<p><span data-contrast=\"auto\">Los viajeros se encogen de hombros ante la inflaci\u00f3n, seg\u00fan los resultados de una encuesta de Global Rescue <\/span><a href=\"https:\/\/www.globalrescue.com\/common\/blog\/detail\/travelers-shrug-off-inflation-business-travelers-plan-bleisure-travel\/\"><span data-contrast=\"none\">encuesta<\/span><\/a><span data-contrast=\"auto\">. A pesar del aumento de los precios y del coste cada vez mayor de los viajes, la mayor\u00eda de los viajeros (70%) no ha cancelado ni pospuesto ning\u00fan viaje nacional o internacional. La inflaci\u00f3n tampoco est\u00e1 frenando el gasto de la mayor\u00eda de los viajeros. Aunque los precios de la energ\u00eda han subido un 17% y los de los alimentos un 10%, casi la mitad (47%) de los viajeros no ha modificado sus gastos durante el viaje.    <\/span><span data-ccp-props=\"{\"201341983\":0,\"335559739\":160,\"335559740\":259}\"> <\/span><\/p>\n<p><span data-contrast=\"auto\">Un comportamiento similar se est\u00e1 produciendo en las zonas de escalada de Nepal. Han subido los salarios, los seguros y los permisos. Estos aumentos no frenan la fuerte demanda de escaladores y excursionistas. \u00abHay una demanda insaciable de escalar la monta\u00f1a m\u00e1s alta del mundo\u00bb, afirma Arnette.     <\/span><span data-ccp-props=\"{\"201341983\":0,\"335559739\":160,\"335559740\":259}\"> <\/span><\/p>\n<p><span data-contrast=\"auto\">Furtenbach afirma que los costes de las expediciones tambi\u00e9n han subido, entre un 5% y un 15%, seg\u00fan la empresa de gu\u00edas. Janow est\u00e1 de acuerdo. \u00abLos costes han subido en Nepal y el coste de nuestro trekking al Campo Base del Everest ha subido\u00bb.    <\/span><span data-ccp-props=\"{\"201341983\":0,\"335559739\":160,\"335559740\":259}\"> <\/span><\/p>\n<p><span data-contrast=\"auto\">A pesar del aumento de los costes de las expediciones, un n\u00famero r\u00e9cord de alpinistas espera escalar. \u00abLa mayor\u00eda paga entre 40.000 y 50.000 d\u00f3lares, y algunos llegan a pagar hasta 160.000 d\u00f3lares. Pero los precios est\u00e1n subiendo, y no s\u00e9 d\u00f3nde parar\u00e1n\u00bb, afirma.   <\/span><span data-ccp-props=\"{\"201341983\":0,\"335559739\":160,\"335559740\":259}\"> <\/span><\/p>\n<figure id=\"attachment_27687\" aria-describedby=\"caption-attachment-27687\" style=\"width: 550px\" class=\"wp-caption aligncenter\"><img loading=\"lazy\" decoding=\"async\" src=\"https:\/\/www.globalrescue.com\/grcom\/Group-trekking-in-the-mountains-300x199.jpg\" alt=\"\" class=\"wp-image-27687\" width=\"550\" height=\"364\" srcset=\"https:\/\/www.globalrescue.com\/grcom\/Group-trekking-in-the-mountains-300x199.jpg 300w, https:\/\/www.globalrescue.com\/grcom\/Group-trekking-in-the-mountains-768x509.jpg 768w, https:\/\/www.globalrescue.com\/grcom\/Group-trekking-in-the-mountains.jpg 800w\" sizes=\"auto, (max-width: 550px) 100vw, 550px\" \/><figcaption id=\"caption-attachment-27687\" class=\"wp-caption-text\">Decenas de miles de excursionistas y monta\u00f1eros visitan el Himalaya cada a\u00f1o.<\/figcaption><\/figure>\n<h1><b><span data-contrast=\"auto\">\u00bfSe abrir\u00e1 China?<\/span><\/b><span data-ccp-props=\"{\"201341983\":0,\"335559739\":160,\"335559740\":259}\"> <\/span><\/h1>\n<p><span data-contrast=\"auto\">Una de las grandes preguntas es si China abrir\u00e1 rutas al Everest, Cho Oyu y Shishapangma. La creencia predominante es que s\u00ed, parcialmente. <\/span><span data-ccp-props=\"{\"201341983\":0,\"335559739\":160,\"335559740\":259}\"> <\/span><\/p>\n<p><span data-contrast=\"auto\">Stretch inform\u00f3 de que la aproximaci\u00f3n a la cumbre del Everest desde el lado tibetano (China) estar\u00e1 abierta en 2023, pero que Cho Oyu y Shishapangma est\u00e1n efectivamente cerrados. \u00abLos particulares pueden intentar el proceso de obtenci\u00f3n de permisos, pero \u00faltimamente se ha vuelto muy dif\u00edcil y requiere un esfuerzo considerable. No creo que veamos ninguna ascensi\u00f3n comercial al Cho Oyu o al Shishapangma desde el lado tibetano en un futuro pr\u00f3ximo, a menos que cambie algo significativo con las autoridades chinas\u00bb, afirm\u00f3. <\/span><span data-ccp-props=\"{\"201341983\":0,\"335559739\":160,\"335559740\":259}\"> <\/span><\/p>\n<p><span data-contrast=\"auto\">Furtenbach coincidi\u00f3. \u00abMi opini\u00f3n es que si abren, ser\u00e1 s\u00f3lo para el Everest\u00bb. Janow se muestra menos confiado. \u00abEsperamos que abran para la temporada de oto\u00f1o, es poco probable para la primavera\u00bb.   <\/span><span data-ccp-props=\"{\"201341983\":0,\"335559739\":160,\"335559740\":259}\"><\/p>\n<p><\/span><\/p>\n<h1><b><span data-contrast=\"auto\">Emoci\u00f3n, expectaci\u00f3n y cambios<\/span><\/b><span data-ccp-props=\"{\"201341983\":0,\"335559739\":160,\"335559740\":259}\"> <\/span><\/h1>\n<p><span data-contrast=\"auto\">A medida que se desvanecen los temores y las restricciones por la pandemia, crece el entusiasmo de monta\u00f1eros y excursionistas. Viesturs afirma que el optimismo es grande. \u00abLas cosas volver\u00e1n a la normalidad\u00bb, afirm\u00f3.    <\/span><span data-ccp-props=\"{\"201341983\":0,\"335559739\":160,\"335559740\":259}\"> <\/span><\/p>\n<p><span data-contrast=\"auto\">Furtenbach est\u00e1 de acuerdo. \u00abEn 2022, todo volvi\u00f3 casi a la normalidad y la mayor\u00eda de la gente pudo escalar, entrenar y viajar. Este a\u00f1o espero escaladores en forma, bien preparados y muy motivados. Todo el mundo est\u00e1 entusiasmado\u00bb. <\/span><span data-ccp-props=\"{\"201341983\":0,\"335559739\":160,\"335559740\":259}\"> <\/span><\/p>\n<p><span data-contrast=\"auto\">La alpinista superestrella en ascenso, Kristin Harila, afirm\u00f3 que crece la excitaci\u00f3n ante los rumores de que el Everest se abrir\u00e1 por el lado norte (T\u00edbet). \u00abNo se sabe si est\u00e1 confirmado, pero los rumores entusiasman a todo el mundo\u00bb, afirma Harila, miembro de Global Rescue.   <\/span><a href=\"https:\/\/www.globalrescue.com\/es\/landingpages\/mountainadvisorycouncil\/\"><span data-contrast=\"none\">Consejo Consultivo de la Monta\u00f1a<\/span><\/a><span data-contrast=\"auto\">. <\/span> <span data-ccp-props=\"{\"201341983\":0,\"335559739\":160,\"335559740\":259}\"> <\/span><\/p>\n<p><span data-contrast=\"auto\">Pero con la emoci\u00f3n viene un cambio, especialmente entre los alpinistas m\u00e1s experimentados. Stretch cree que los alpinistas serios se alejan cada vez m\u00e1s del Everest. \u00abSe ha convertido en el patio de recreo de los menos experimentados, gente que se fija m\u00e1s en el logro de escalar la monta\u00f1a m\u00e1s alta del mundo que en la pura haza\u00f1a monta\u00f1era\u00bb, afirma.    <\/span><span data-ccp-props=\"{\"201341983\":0,\"335559739\":160,\"335559740\":259}\"> <\/span><\/p>\n<p><span data-contrast=\"auto\">Arnette est\u00e1 de acuerdo en que cada vez m\u00e1s gente se desplaza a otras regiones de escalada, como Ecuador y Argentina. Pero a\u00f1adi\u00f3 que los conocimientos de escalada son mucho menores, lo que eleva los riesgos y la necesidad de m\u00e1s recursos m\u00e9dicos y de rescate. \u00abEl Aconcagua estaba rid\u00edculamente abarrotado, con muchas lesiones, congelaciones y casos de EMA. Parece que el nivel de experiencia esperado ha bajado y la comunidad de gu\u00edas no puede seguir el ritmo\u00bb, dijo.  <\/span><span data-ccp-props=\"{\"201341983\":0,\"335559739\":160,\"335559740\":259}\"><\/p>\n<p><\/span><\/p>\n<h1><b><span data-contrast=\"auto\">Despliegue mundial de salvamento<\/span><\/b><span data-ccp-props=\"{\"201341983\":0,\"335559739\":160,\"335559740\":259}\"> <\/span><\/h1>\n<p><span data-contrast=\"auto\">Prestar asistencia m\u00e9dica de urgencia ininterrumpida a un gran n\u00famero de personas que participan en actividades extremas a gran altitud no es tarea f\u00e1cil. El equipo de despliegue de Global Rescue permanece in situ durante los dos meses que dura la temporada de escalada. Las jornadas son largas, a menudo de hasta 16 horas.    <\/span><span data-ccp-props=\"{\"201341983\":0,\"335559739\":160,\"335559740\":259}\"> <\/span><\/p>\n<p><span data-contrast=\"auto\">\u00abEstamos activos de sol a sol. Si no hay rescates en curso, es entonces cuando hacemos un seguimiento de los miembros rescatados, comprobamos sus cuidados, completamos los requisitos administrativos y descansamos. Cada miembro del equipo desplegado tiene al menos un d\u00eda a la semana para relajarse, darse un masaje, hacer turismo, hacer cualquier cosa para descansar, recuperarse y prepararse para los pr\u00f3ximos d\u00edas\u00bb, explica David Koo, director asociado de operaciones de Global Rescue.  <\/span><span data-ccp-props=\"{\"201341983\":0,\"335559739\":160,\"335559740\":259}\"> <\/span><\/p>\n<p><span data-contrast=\"auto\">Global Rescue es el principal recurso mundial de rescate para monta\u00f1eros, escaladores y amantes de la monta\u00f1a. Global Rescue   <\/span><a href=\"https:\/\/www.globalrescue.com\/es\/landingpages\/mountainadvisorycouncil\/\"><span data-contrast=\"none\">Consejo Consultivo de la Monta\u00f1a<\/span><\/a><span data-contrast=\"auto\">  ofrece orientaci\u00f3n y recursos de algunos de los alpinistas y personal de respuesta a crisis m\u00e1s destacados del mundo. El Consejo Asesor de Monta\u00f1a de Global Rescue est\u00e1 dirigido por Ed Viesturs, leyenda del alpinismo; Nirmal \u00abNims\u00bb Purja, alpinista de altitud mundialmente famoso; Kristin Harila, alpinista superestrella en ascenso; y Jed Williamson, experto en seguridad en aventuras al aire libre y autor de monta\u00f1ismo desde hace muchos a\u00f1os. Otros miembros del Consejo Asesor de Monta\u00f1a son: El Dr. Eric Johnson, experto en enfermedades de monta\u00f1a y mal de altura; Scott Hume, Vicepresidente de Operaciones de Global Rescue; David Koo, Director de Operaciones de Global Rescue; Dan Stretch, Director de Operaciones de Global Rescue; y Harding Bush, Director de Operaciones de Seguridad de Global Rescue.  <\/span><span data-ccp-props=\"{\"134245418\":true,\"134245529\":true,\"201341983\":0,\"335559738\":40,\"335559739\":0,\"335559740\":259}\"> <\/span><\/p>\n<p><span data-ccp-props=\"{\"201341983\":0,\"335559739\":160,\"335559740\":259}\"> <\/span><\/p>\n","protected":false},"excerpt":{"rendered":"<p>Monta\u00f1eros y excursionistas se dirigen al Himalaya para la temporada de escalada del Everest de primavera de 2023, un periodo de dos meses, de abril a mayo, en el que las condiciones suelen ser \u00f3ptimas para escalar la monta\u00f1a m\u00e1s alta del mundo y muchas otras de la regi\u00f3n. El a\u00f1o pasado se concedi\u00f3 un [&hellip;]<\/p>\n","protected":false},"author":21,"featured_media":44002,"comment_status":"open","ping_status":"open","sticky":false,"template":"","format":"standard","meta":{"_acf_changed":false,"inline_featured_image":false,"footnotes":""},"categories":[1574,1475,1476,1478,1480],"tags":[],"operation_type":[],"region":[],"class_list":["post-48635","post","type-post","status-publish","format-standard","has-post-thumbnail","hentry","category-blog-es","category-destinos-y-partners","category-misiones-y-testimonios-de-miembros","category-salud-y-seguridad","category-viajes"],"acf":[],"_links":{"self":[{"href":"https:\/\/www.globalrescue.com\/es\/wp-json\/wp\/v2\/posts\/48635","targetHints":{"allow":["GET"]}}],"collection":[{"href":"https:\/\/www.globalrescue.com\/es\/wp-json\/wp\/v2\/posts"}],"about":[{"href":"https:\/\/www.globalrescue.com\/es\/wp-json\/wp\/v2\/types\/post"}],"author":[{"embeddable":true,"href":"https:\/\/www.globalrescue.com\/es\/wp-json\/wp\/v2\/users\/21"}],"replies":[{"embeddable":true,"href":"https:\/\/www.globalrescue.com\/es\/wp-json\/wp\/v2\/comments?post=48635"}],"version-history":[{"count":0,"href":"https:\/\/www.globalrescue.com\/es\/wp-json\/wp\/v2\/posts\/48635\/revisions"}],"wp:featuredmedia":[{"embeddable":true,"href":"https:\/\/www.globalrescue.com\/es\/wp-json\/wp\/v2\/media\/44002"}],"wp:attachment":[{"href":"https:\/\/www.globalrescue.com\/es\/wp-json\/wp\/v2\/media?parent=48635"}],"wp:term":[{"taxonomy":"category","embeddable":true,"href":"https:\/\/www.globalrescue.com\/es\/wp-json\/wp\/v2\/categories?post=48635"},{"taxonomy":"post_tag","embeddable":true,"href":"https:\/\/www.globalrescue.com\/es\/wp-json\/wp\/v2\/tags?post=48635"},{"taxonomy":"operation_type","embeddable":true,"href":"https:\/\/www.globalrescue.com\/es\/wp-json\/wp\/v2\/operation_type?post=48635"},{"taxonomy":"region","embeddable":true,"href":"https:\/\/www.globalrescue.com\/es\/wp-json\/wp\/v2\/region?post=48635"}],"curies":[{"name":"wp","href":"https:\/\/api.w.org\/{rel}","templated":true}]}}