{"id":48968,"date":"2022-02-01T13:05:00","date_gmt":"2022-02-01T13:05:00","guid":{"rendered":"https:\/\/www.globalrescue.com\/miembros-que-sorprenden-harshvardhan-joshi\/"},"modified":"2022-02-01T13:05:00","modified_gmt":"2022-02-01T13:05:00","slug":"miembros-que-sorprenden-harshvardhan-joshi","status":"publish","type":"post","link":"https:\/\/www.globalrescue.com\/es\/common\/blog\/detail\/members-who-amaze-harshvardhan-joshi\/","title":{"rendered":"Miembros que sorprenden: Harshvardhan Joshi"},"content":{"rendered":"<p style=\"color: #d71635; font-weight: 900; text-align: left; line-height: 100%;\"><span style=\"font-size: 10pt;\"><strong><em>No todos los miembros de Global Rescue necesitan una evacuaci\u00f3n de emergencia. Algunos persiguen sus sue\u00f1os con confianza sabiendo que son miembros de Global Rescue. Tomemos, por ejemplo, el caso de este ins\u00f3lito alpinista de Mumbai que hizo cumbre en el Everest en 2021 tras vencer al COVID-19 unos d\u00edas antes de coronar la cima. Adem\u00e1s, complet\u00f3 la ascensi\u00f3n utilizando \u00fanicamente medios ecol\u00f3gicos.   <\/em><br \/><\/strong><\/span><\/p>\n<hr>\n<p>Puede que Harshvardhan Joshi sea uno de los alpinistas de los que m\u00e1s se habla que har\u00e1 cumbre en el Everest en 2021. Busca su nombre en Google y los titulares pueblan la prueba: \u00ab<a href=\"https:\/\/indianexpress.com\/article\/india\/maharashtra-man-harshvardhan-joshi-conquers-everest-days-after-recovering-from-covid-19-7368471\/\" target=\"_blank\" rel=\"noopener \">Un joven de 25 a\u00f1os conquista el Everest, d\u00edas despu\u00e9s de recuperarse de Covid-19<\/a>\u00bb y \u00ab<a href=\"https:\/\/thehimalayantimes.com\/nepal\/indian-climber-harshvardhan-joshi-claims-historic-green-summit-of-everest\" target=\"_blank\" rel=\"noopener \">El alpinista indio Harshvardhan Joshi reivindica la hist\u00f3rica \u00abcumbre verde\u00bb del Everest<\/a>\u00ab. S\u00f3lo en el \u00faltimo a\u00f1o ha pronunciado 17 discursos motivacionales, incluida una reciente <a href=\"https:\/\/www.youtube.com\/watch\" target=\"_blank\" rel=\"noopener \">charla TEDx<\/a> sobre el poder de la valent\u00eda. Incluso tiene su propia <a href=\"https:\/\/en.wikipedia.org\/wiki\/Harshvardhan_Joshi\" target=\"_blank\" rel=\"noopener \">p\u00e1gina en Wikipedia<\/a>.   <\/p>\n<p>Resulta dif\u00edcil creer que este joven de 26 a\u00f1os, natural de Vasai (India, a las afueras de Mumbai) y de voz suave, sea tambi\u00e9n el m\u00e1s ins\u00f3lito de los alpinistas. Y \u00e9l ser\u00e1 el primero en admitirlo. <\/p>\n<p>\u00abSi me hubieran dicho a los 15, 16 o 17 a\u00f1os que habr\u00eda hecho esto, tampoco lo habr\u00eda cre\u00eddo\u00bb, dijo Joshi, que se hace llamar \u00abHarsh\u00bb. \u00abPor aquel entonces, no hab\u00eda corrido 100 metros completos en mi vida\u00bb.&nbsp;<\/p>\n<p>Eso es lo que hace tan fascinante la historia de Joshi, de 26 a\u00f1os, miembro de Global Rescue desde 2019. C\u00f3mo lleg\u00f3 este ingeniero inform\u00e1tico, que durante mucho tiempo prefiri\u00f3 el mundo acad\u00e9mico a las actividades al aire libre, a convertirse en un reputado atleta de resistencia, que ha hecho cumbre en grandes picos como el Stok Kangri (6.153 metros\/20.187 pies), el Lobuche Este (6.119 metros\/20.075 pies) y, ahora, el Monte Everest (8.848 metros\/29.032 pies)? Global Rescue se sent\u00f3 con \u00e9l para averiguarlo.  &nbsp;<\/p>\n<h2>El viaje de Joshi al alpinismo&nbsp;<\/h2>\n<p><img decoding=\"async\" style=\"width: 800px;\" title=\"Harshvardhan-Joshi-monta\u00f1ismo\" src=\"\/grcom\/grmkt_resources\/images\/Media-blog-images\/Harshvardhan-Joshi-mountaineering.jpg\" alt=\"Harshvardhan-Joshi-monta\u00f1ismo\"><\/p>\n<p>\u00abMucha gente que me ve ahora, sobre todo en las redes sociales, piensa que siempre he sido una persona de actividades al aire libre\u00bb, afirma Joshi. Pero, dado su origen humilde en una familia de clase media-baja, siempre le preocup\u00f3 m\u00e1s destacar en la escuela para asegurarse una vida s\u00f3lida. A los 15 a\u00f1os -justo despu\u00e9s de terminar el 10\u00ba curso- ya hab\u00eda montado su propio negocio, ensamblando y vendiendo ordenadores, mientras estudiaba ingenier\u00eda inform\u00e1tica.  &nbsp;<\/p>\n<p><span style=\"font-size: 18pt; color: #e74c3c;\"><em>\u00abHab\u00eda un grupo de m\u00e9dicos que se convirtieron en mis clientes y luego en mis amigos\u00bb, cuenta Joshi. \u00abTambi\u00e9n eran \u00e1vidos senderistas y, un d\u00eda, me llevaron de excursi\u00f3n a un santuario cercano\u00bb. <\/em><\/span><\/p>\n<p>Aquella primera visita al <a href=\"https:\/\/www.natureinfocus.in\/travel\/guide\/tungareshwar-wls\" target=\"_blank\" rel=\"noopener \">Santuario de Vida Silvestre de Tungareshwar<\/a>, de 85 kil\u00f3metros cuadrados, donde sigue entrenando con regularidad, fue el comienzo de su historia de amor por la naturaleza. Empez\u00f3 a entrenarse y a aprender sobre supervivencia en la naturaleza y, tras tomar prestado el equipo de sus amigos m\u00e9dicos, complet\u00f3 su primer trekking por el Himalaya en 2014. A los 18 a\u00f1os ya se hab\u00eda propuesto escalar el Everest. No estaba seguro de cu\u00e1ndo lo conseguir\u00eda; solo sab\u00eda que no podr\u00eda hacerlo si cursaba su MBA en Estados Unidos, como hab\u00eda planeado en un principio.   &nbsp;<\/p>\n<p><video controls=\"controls\" width=\"533\" height=\"360\"><source src=\"https:\/\/www.globalrescue.com\/grmkt_resources\/Media-Videos\/Learning-Through-Adventure-Travel.mp4\" type=\"video\/mp4\"><\/source><\/video><\/p>\n<p>\u00abPrefer\u00eda trabajar para escalar el Everest. Sab\u00eda que me ense\u00f1ar\u00eda m\u00e1s sobre la vida\u00bb, afirma. \u00abMe di cuenta de que los viajes de aventura son una experiencia de aprendizaje mucho m\u00e1s rica y mejor\u00bb. &nbsp;<\/p>\n<p>Decidi\u00f3 que, antes de seguir adelante con sus planes profesionales, lo primero ser\u00eda el Everest.  &nbsp;<\/p>\n<h2>La misi\u00f3n Monte Everest comienza&#8230; y luego se detiene&nbsp;<\/h2>\n<p>Durante los a\u00f1os siguientes -entre 2014 y 2019- realiz\u00f3 nueve cursos distintos de un mes de duraci\u00f3n sobre actividades al aire libre y monta\u00f1ismo, desarroll\u00f3 y se comprometi\u00f3 a seguir un riguroso r\u00e9gimen de entrenamiento, perfeccion\u00f3 sus habilidades en otras desafiantes monta\u00f1as del Himalaya y tambi\u00e9n trabaj\u00f3 como gu\u00eda de monta\u00f1ismo en Ladakh. Empez\u00f3 a recaudar fondos y fij\u00f3 su expedici\u00f3n al <a href=\"https:\/\/sangharsh.co\/\" target=\"_blank\" rel=\"noopener \">Everest -que denomin\u00f3 Misi\u00f3n Sangharsh al Everest<\/a> (\u00absangharsh\u00bb significa \u00abretos\u00bb en s\u00e1nscrito)- para la temporada de escalada de primavera de 2020. &nbsp;<\/p>\n<p>Desgraciadamente, se cancelar\u00eda a causa de la pandemia.  &nbsp;<\/p>\n<p style=\"text-align: center; color: #d71635; font-weight: 900;\">[Lecturas relacionadas: <br \/><span style=\"text-decoration: underline;\"><a href=\"https:\/\/www.globalrescue.com\/common\/blog\/detail\/2022-spring-climbing-season-forecast\/\" target=\"_blank\" rel=\"noopener\">Lo que hay que saber sobre la temporada de escalada de 2022<\/a><\/span>]<\/p>\n<p>\u00abDurante dos meses encerrado, no pude correr ni salir a la calle\u00bb, dijo Joshi. \u00abPens\u00e9: &#8216;Oh no, \u00bfy si tengo una crisis existencial?\u00bb.   &nbsp;<\/p>\n<p>Lo que le ayud\u00f3 fue canalizar su energ\u00eda hacia un objetivo diferente: entrenarse, autoorganizarse y completar su primer triatl\u00f3n. El 10 de octubre -fecha que eligi\u00f3 porque era el D\u00eda Mundial de la Salud Mental- complet\u00f3 la aventura de 70,3 millas desde Palghar en ocho horas. &nbsp;<\/p>\n<h2>Conquistar el Everest a pesar de otra bola curva de COVID<\/h2>\n<p>En la primavera de 2021, la expedici\u00f3n de Joshi al Everest se hab\u00eda reanudado. Pero el 8 de mayo, tras un mes de paciente espera en el campamento base y a escasas horas de partir hacia la cumbre, dio positivo por COVID-19 (confirmado por dos pruebas r\u00e1pidas de ant\u00edgenos). &nbsp;<\/p>\n<p><span style=\"font-size: 18pt; color: #e74c3c;\"><em>\u00abPens\u00e9: &#8216;No puedo rendirme de inmediato y bajar: Estoy aclimatado a esta altitud, Katmand\u00fa est\u00e1 en mal estado, tengo ox\u00edgeno suplementario extra\u00bb, dijo.<\/em><\/span><\/p>\n<p>Asintom\u00e1tico y totalmente vacunado, opt\u00f3 por aislarse en su tienda durante 11 d\u00edas, recordando a quienes le interrogaban que dispon\u00eda de Global Rescue y que, si ten\u00eda la m\u00e1s m\u00ednima complicaci\u00f3n, no dudar\u00eda en utilizar el rescate de emergencia.&nbsp;<\/p>\n<p><video controls=\"controls\" width=\"533\" height=\"360\"><source src=\"https:\/\/www.globalrescue.com\/grmkt_resources\/Media-Videos\/Global-Rescue-as-Gold-Standard.mp4\" type=\"video\/mp4\"><\/source><\/video><\/p>\n<p>Tras 10 d\u00edas de aislamiento, las pruebas dieron negativo y la unidad de cuidados de urgencia del campamento base que hab\u00eda estado controlando su respiraci\u00f3n le dio el visto bueno para continuar su expedici\u00f3n. La ventana meteorol\u00f3gica lleg\u00f3 el 19 de mayo y, esa noche, \u00e9l y sus dos gu\u00edas de gran altitud, Furte Sherpa y Anup Rai, partieron hacia la cumbre. &nbsp;<\/p>\n<p>Sus planes originales eran escalar el Everest y luego el Lhotse -lo que le convertir\u00eda en el primer indio en completar esa traves\u00eda-, pero el equipo decidi\u00f3 cambiar el orden, ya que el vecino del Everest tendr\u00eda menos escaladores. El 21 de mayo ya hab\u00eda llegado al campo 3. All\u00ed habr\u00eda ido a por el Lhotse, pero al cerrarse la ventana meteorol\u00f3gica debido a un segundo cicl\u00f3n, tuvo que tomar la dif\u00edcil decisi\u00f3n de descartar el Lhotse por completo e ir simplemente a por el Everest.    &nbsp;<\/p>\n<p style=\"text-align: center; color: #d71635; font-weight: 900;\">[Lectura relacionada: <br \/><span style=\"text-decoration: underline;\"><a href=\"https:\/\/www.globalrescue.com\/es\/common\/blog\/detail\/mount-everest-evacuation-for-the-cuban-mountaineer\/\" target=\"_blank\" rel=\"noopener \">Una evacuaci\u00f3n del Everest para \u00abEl monta\u00f1ero cubano<\/a><\/span>]<\/p>\n<p>A pesar de los vientos de 80 kil\u00f3metros por hora, el 22 de mayo a las 21:40, el equipo se dirigi\u00f3 desde el campo 4 hasta la cumbre. \u00abFue muy inc\u00f3modo\u00bb, dijo Joshi. \u00abParec\u00eda que estuvi\u00e9ramos en una batidora que estuviera en la luna\u00bb.    &nbsp;<\/p>\n<p>A las 6:40 de la ma\u00f1ana del d\u00eda siguiente llegaron a la cumbre. Aunque la celebraci\u00f3n fue breve -s\u00f3lo 15 minutos, ya que el tiempo empeoraba y Joshi estaba cada vez m\u00e1s privado de sue\u00f1o-, estaba agradecido por haber tenido su oportunidad y haberlo conseguido.   &nbsp;<\/p>\n<p>\u00abEste a\u00f1o est\u00e1bamos en una bomba de relojer\u00eda\u00bb, dijo. \u00abMucha gente buena tuvo que retirarse. Doy gracias por no haber tenido que hacerlo\u00bb. &nbsp;<\/p>\n<h2>Escalar monta\u00f1as de forma sostenible para promover la energ\u00eda solar<\/h2>\n<p><img decoding=\"async\" style=\"width: 800px;\" title=\"Harshvardhan-Joshi-paneles-solares\" src=\"\/grcom\/grmkt_resources\/images\/Media-blog-images\/Harshvardhan-Joshi-solar-panels.jpg\" alt=\"Harshvardhan-Joshi-paneles-solares\"><\/p>\n<p>La otra caracter\u00edstica que distingue la misi\u00f3n de Joshi en el Everest es la forma en que la ha llevado a cabo: completamente impulsado por energ\u00eda solar para llamar la atenci\u00f3n sobre las energ\u00edas limpias y renovables. Es una causa con la que se siente identificado: Ha sido testigo directo de los efectos del cambio clim\u00e1tico durante su estancia en Ladakh, as\u00ed como de la falta de electricidad en muchas aldeas remotas del Himalaya. <\/p>\n<p>\u00abSin electricidad, estas personas pierden al menos 12 horas de su vida al d\u00eda. Les priva de educaci\u00f3n, atenci\u00f3n sanitaria y comunicaci\u00f3n, manteni\u00e9ndoles en la pobreza\u00bb, afirma Joshi.<\/p>\n<p><span style=\"font-size: 18pt; color: #e74c3c;\"><em>\u00abLa energ\u00eda solar y renovable puede resolver problemas no s\u00f3lo relacionados con el cambio clim\u00e1tico, sino tambi\u00e9n en el plano socioecon\u00f3mico\u00bb.&nbsp;<\/em><\/span><\/p>\n<p>Durante su expedici\u00f3n al Everest, llev\u00f3 tres paneles solares de 40 vatios con un sistema de bater\u00edas para alimentar el campamento base; un sistema port\u00e1til m\u00e1s peque\u00f1o, que transport\u00f3 hasta el campo 2 (6.400 metros\/21.000 pies); y, por \u00faltimo, llev\u00f3 un banco de energ\u00eda cargado con energ\u00eda solar hasta el campamento final en la \u00abzona de la muerte\u00bb, a 8.000 metros.&nbsp;<\/p>\n<p>Tras alcanzar la cumbre, Joshi don\u00f3 los paneles solares utilizados durante la expedici\u00f3n a aldeas nepalesas locales que carecen de electricidad. Tambi\u00e9n pudo donar paneles adicionales para abastecer de energ\u00eda a 10 hogares de algunas de las regiones m\u00e1s remotas del Himalaya: Turtuk y Ladakh en la India, la regi\u00f3n de Makalu en Nepal y una escuela en el pueblo de Dharharwa en Bihar. &nbsp;<\/p>\n<p>\u00abEl mensaje que quiero difundir: Si podemos mantener la energ\u00eda solar durante dos meses en uno de los entornos m\u00e1s hostiles de la Tierra, imagina a qu\u00e9 otros lugares podemos llevar esta tecnolog\u00eda y qu\u00e9 maravillas puede hacer\u00bb.&nbsp;<\/p>\n<h2>Lo que le espera al monta\u00f1ero de Bombay<\/h2>\n<p>Aunque su expedici\u00f3n al Everest ha terminado, Joshi no se duerme en los laureles. Actualmente est\u00e1 trabajando en un libro, estudiando para el GMAT, pasando todo el tiempo que puede al aire libre en su localidad y haciendo planes para mudarse a Estados Unidos, al que llama su pr\u00f3ximo \u00abEverest\u00bb. Tambi\u00e9n se est\u00e1 preparando un documental sobre \u00e9l que deber\u00eda estrenarse en alg\u00fan momento de la primavera de 2022<a href=\"https:\/\/www.youtube.com\/watch\" target=\"_blank\" rel=\"noopener \">(vea el tr\u00e1iler aqu\u00ed<\/a>).    &nbsp;<\/p>\n<p>Por supuesto, sigue persiguiendo nuevos objetivos alpin\u00edsticos, entre ellos promover el alpinismo entre la gente de color e intentar otras dos grandes monta\u00f1as del Himalaya en oto\u00f1o de 2022 (en cuanto a cu\u00e1les, por ahora lo mantiene en secreto).&nbsp;<\/p>\n<p>\u00abMi objetivo a largo plazo es concienciar sobre la seguridad en la monta\u00f1a, haciendo que los deportes de aventura sean m\u00e1s accesibles y sostenibles\u00bb, afirma. \u00abMe alegra haber dado con organizaciones como Global Rescue, que comparten esa misma misi\u00f3n\u00bb. &nbsp;<\/p>\n","protected":false},"excerpt":{"rendered":"<p>Conozca al alpinista de Bombay que hizo cumbre en el Everest en 2021 tras superar el COVID-19 unos d\u00edas antes de la cima. Adem\u00e1s, complet\u00f3 el trekking utilizando \u00fanicamente medios ecol\u00f3gicos. <\/p>\n","protected":false},"author":1,"featured_media":40885,"comment_status":"open","ping_status":"open","sticky":false,"template":"","format":"standard","meta":{"_acf_changed":false,"inline_featured_image":false,"footnotes":""},"categories":[1574,1476,1478,1480],"tags":[],"operation_type":[],"region":[],"class_list":["post-48968","post","type-post","status-publish","format-standard","has-post-thumbnail","hentry","category-blog-es","category-misiones-y-testimonios-de-miembros","category-salud-y-seguridad","category-viajes"],"acf":[],"_links":{"self":[{"href":"https:\/\/www.globalrescue.com\/es\/wp-json\/wp\/v2\/posts\/48968","targetHints":{"allow":["GET"]}}],"collection":[{"href":"https:\/\/www.globalrescue.com\/es\/wp-json\/wp\/v2\/posts"}],"about":[{"href":"https:\/\/www.globalrescue.com\/es\/wp-json\/wp\/v2\/types\/post"}],"author":[{"embeddable":true,"href":"https:\/\/www.globalrescue.com\/es\/wp-json\/wp\/v2\/users\/1"}],"replies":[{"embeddable":true,"href":"https:\/\/www.globalrescue.com\/es\/wp-json\/wp\/v2\/comments?post=48968"}],"version-history":[{"count":0,"href":"https:\/\/www.globalrescue.com\/es\/wp-json\/wp\/v2\/posts\/48968\/revisions"}],"wp:featuredmedia":[{"embeddable":true,"href":"https:\/\/www.globalrescue.com\/es\/wp-json\/wp\/v2\/media\/40885"}],"wp:attachment":[{"href":"https:\/\/www.globalrescue.com\/es\/wp-json\/wp\/v2\/media?parent=48968"}],"wp:term":[{"taxonomy":"category","embeddable":true,"href":"https:\/\/www.globalrescue.com\/es\/wp-json\/wp\/v2\/categories?post=48968"},{"taxonomy":"post_tag","embeddable":true,"href":"https:\/\/www.globalrescue.com\/es\/wp-json\/wp\/v2\/tags?post=48968"},{"taxonomy":"operation_type","embeddable":true,"href":"https:\/\/www.globalrescue.com\/es\/wp-json\/wp\/v2\/operation_type?post=48968"},{"taxonomy":"region","embeddable":true,"href":"https:\/\/www.globalrescue.com\/es\/wp-json\/wp\/v2\/region?post=48968"}],"curies":[{"name":"wp","href":"https:\/\/api.w.org\/{rel}","templated":true}]}}